[{"@context":"https:\/\/schema.org\/","@type":"Blog","@id":"https:\/\/www.hucot.cz#Blog","headline":"Hucot","description":"\nA\u0165 jsou probl\u00e9my lid\u00ed jak\u00e9koliv, je jist\u00e9, \u017ee se daj\u00ed \u0159e\u0161it. A pokud n\u00e1\u0161 web n\u011bkomu nepom\u016f\u017ee se jich zbavit, pak je pom\u016f\u017ee aspo\u0148 co nejv\u00edce zmen\u0161it.","url":"https:\/\/www.hucot.cz","hasPart":[{"@type":"Article","@id":"https:\/\/www.hucot.cz\/kdo-neskace-neni-cech-aneb-skakani-jako-sport-i-zabava\/","headline":"Kdo nesk\u00e1\u010de nen\u00ed \u010cech, aneb sk\u00e1k\u00e1n\u00ed jako sport i z\u00e1bava","url":"https:\/\/www.hucot.cz\/kdo-neskace-neni-cech-aneb-skakani-jako-sport-i-zabava\/","datePublished":"2026-06-10","dateModified":"2026-06-10","mainEntityOfPage":"https:\/\/www.hucot.cz\/kdo-neskace-neni-cech-aneb-skakani-jako-sport-i-zabava\/","author":{"@type":"Person","@id":"https:\/\/www.hucot.cz\/author\/devene\/#Person","name":"devene","url":"https:\/\/www.hucot.cz\/author\/devene\/","identifier":1,"image":{"@type":"ImageObject","@id":"https:\/\/secure.gravatar.com\/avatar\/383247cd769f7ac317a5bcda943ec48a3c79d996598ae4564ec21a0e178126d1?s=96&d=mm&r=g","url":"https:\/\/secure.gravatar.com\/avatar\/383247cd769f7ac317a5bcda943ec48a3c79d996598ae4564ec21a0e178126d1?s=96&d=mm&r=g","height":96,"width":96}},"publisher":{"@type":"Organization","name":"hucot.cz","logo":{"@type":"ImageObject","@id":"\/logo.png","url":"\/logo.png","width":600,"height":60}},"image":{"@type":"ImageObject","@id":"https:\/\/www.hucot.cz\/wp-content\/uploads\/art284895_3x2_20260809_233217_y4qMRE.jpg","url":"https:\/\/www.hucot.cz\/wp-content\/uploads\/art284895_3x2_20260809_233217_y4qMRE.jpg","height":0,"width":0},"wordCount":547,"keywords":null},{"@type":"Article","@id":"https:\/\/www.hucot.cz\/kvalitni-posuvne-brany\/","headline":"Kvalitn\u00ed posuvn\u00e9 br\u00e1ny","url":"https:\/\/www.hucot.cz\/kvalitni-posuvne-brany\/","datePublished":"2025-11-08","dateModified":"2025-11-08","mainEntityOfPage":"https:\/\/www.hucot.cz\/kvalitni-posuvne-brany\/","author":{"@type":"Person","@id":"https:\/\/www.hucot.cz\/author\/devene\/#Person","name":"devene","url":"https:\/\/www.hucot.cz\/author\/devene\/","identifier":1,"image":{"@type":"ImageObject","@id":"https:\/\/secure.gravatar.com\/avatar\/383247cd769f7ac317a5bcda943ec48a3c79d996598ae4564ec21a0e178126d1?s=96&d=mm&r=g","url":"https:\/\/secure.gravatar.com\/avatar\/383247cd769f7ac317a5bcda943ec48a3c79d996598ae4564ec21a0e178126d1?s=96&d=mm&r=g","height":96,"width":96}},"publisher":{"@type":"Organization","name":"hucot.cz","logo":{"@type":"ImageObject","@id":"\/logo.png","url":"\/logo.png","width":600,"height":60}},"image":{"@type":"ImageObject","@id":"https:\/\/www.hucot.cz\/wp-content\/uploads\/posuvn%C3%A9%20br%C3%A1ny_2.jpg","url":"https:\/\/www.hucot.cz\/wp-content\/uploads\/posuvn%C3%A9%20br%C3%A1ny_2.jpg","height":0,"width":0},"wordCount":502,"keywords":null},{"@type":"Article","@id":"https:\/\/www.hucot.cz\/jak-sehnat-vlastni-bydleni\/","headline":"Jak sehnat vlastn\u00ed bydlen\u00ed","url":"https:\/\/www.hucot.cz\/jak-sehnat-vlastni-bydleni\/","datePublished":"2025-09-04","dateModified":"2025-09-04","mainEntityOfPage":"https:\/\/www.hucot.cz\/jak-sehnat-vlastni-bydleni\/","author":{"@type":"Person","@id":"https:\/\/www.hucot.cz\/author\/devene\/#Person","name":"devene","url":"https:\/\/www.hucot.cz\/author\/devene\/","identifier":1,"image":{"@type":"ImageObject","@id":"https:\/\/secure.gravatar.com\/avatar\/383247cd769f7ac317a5bcda943ec48a3c79d996598ae4564ec21a0e178126d1?s=96&d=mm&r=g","url":"https:\/\/secure.gravatar.com\/avatar\/383247cd769f7ac317a5bcda943ec48a3c79d996598ae4564ec21a0e178126d1?s=96&d=mm&r=g","height":96,"width":96}},"publisher":{"@type":"Organization","name":"hucot.cz","logo":{"@type":"ImageObject","@id":"\/logo.png","url":"\/logo.png","width":600,"height":60}},"image":{"@type":"ImageObject","@id":"https:\/\/www.hucot.cz\/wp-content\/uploads\/na%20prodej_1.jpg","url":"https:\/\/www.hucot.cz\/wp-content\/uploads\/na%20prodej_1.jpg","height":0,"width":0},"wordCount":573,"keywords":null},{"@type":"Article","@id":"https:\/\/www.hucot.cz\/delate-radi-veci-po-svem\/","headline":"D\u011bl\u00e1te r\u00e1di v\u011bci po sv\u00e9m?","url":"https:\/\/www.hucot.cz\/delate-radi-veci-po-svem\/","datePublished":"2025-08-26","dateModified":"2025-08-26","mainEntityOfPage":"https:\/\/www.hucot.cz\/delate-radi-veci-po-svem\/","author":{"@type":"Person","@id":"https:\/\/www.hucot.cz\/author\/devene\/#Person","name":"devene","url":"https:\/\/www.hucot.cz\/author\/devene\/","identifier":1,"image":{"@type":"ImageObject","@id":"https:\/\/secure.gravatar.com\/avatar\/383247cd769f7ac317a5bcda943ec48a3c79d996598ae4564ec21a0e178126d1?s=96&d=mm&r=g","url":"https:\/\/secure.gravatar.com\/avatar\/383247cd769f7ac317a5bcda943ec48a3c79d996598ae4564ec21a0e178126d1?s=96&d=mm&r=g","height":96,"width":96}},"publisher":{"@type":"Organization","name":"hucot.cz","logo":{"@type":"ImageObject","@id":"\/logo.png","url":"\/logo.png","width":600,"height":60}},"image":null,"wordCount":187,"keywords":null},{"@type":"Article","@id":"https:\/\/www.hucot.cz\/kam-se-dnes-chystate\/","headline":"Kam se dnes chyst\u00e1te?","url":"https:\/\/www.hucot.cz\/kam-se-dnes-chystate\/","datePublished":"2025-08-22","dateModified":"2025-08-22","mainEntityOfPage":"https:\/\/www.hucot.cz\/kam-se-dnes-chystate\/","author":{"@type":"Person","@id":"https:\/\/www.hucot.cz\/author\/devene\/#Person","name":"devene","url":"https:\/\/www.hucot.cz\/author\/devene\/","identifier":1,"image":{"@type":"ImageObject","@id":"https:\/\/secure.gravatar.com\/avatar\/383247cd769f7ac317a5bcda943ec48a3c79d996598ae4564ec21a0e178126d1?s=96&d=mm&r=g","url":"https:\/\/secure.gravatar.com\/avatar\/383247cd769f7ac317a5bcda943ec48a3c79d996598ae4564ec21a0e178126d1?s=96&d=mm&r=g","height":96,"width":96}},"publisher":{"@type":"Organization","name":"hucot.cz","logo":{"@type":"ImageObject","@id":"\/logo.png","url":"\/logo.png","width":600,"height":60}},"image":null,"wordCount":225,"keywords":null},{"@type":"Article","@id":"https:\/\/www.hucot.cz\/dostupne-a-zabavne\/","headline":"Dostupn\u011b a z\u00e1bavn\u011b","url":"https:\/\/www.hucot.cz\/dostupne-a-zabavne\/","datePublished":"2025-08-09","dateModified":"2025-08-09","mainEntityOfPage":"https:\/\/www.hucot.cz\/dostupne-a-zabavne\/","author":{"@type":"Person","@id":"https:\/\/www.hucot.cz\/author\/devene\/#Person","name":"devene","url":"https:\/\/www.hucot.cz\/author\/devene\/","identifier":1,"image":{"@type":"ImageObject","@id":"https:\/\/secure.gravatar.com\/avatar\/383247cd769f7ac317a5bcda943ec48a3c79d996598ae4564ec21a0e178126d1?s=96&d=mm&r=g","url":"https:\/\/secure.gravatar.com\/avatar\/383247cd769f7ac317a5bcda943ec48a3c79d996598ae4564ec21a0e178126d1?s=96&d=mm&r=g","height":96,"width":96}},"publisher":{"@type":"Organization","name":"hucot.cz","logo":{"@type":"ImageObject","@id":"\/logo.png","url":"\/logo.png","width":600,"height":60}},"image":null,"wordCount":242,"keywords":null},{"@type":"Article","@id":"https:\/\/www.hucot.cz\/nova-plastova-okna-pro-dum-ci-byt-na-ceskolipsku\/","headline":"Nov\u00e1 plastov\u00e1 okna pro d\u016fm \u010di byt na \u010ceskolipsku","url":"https:\/\/www.hucot.cz\/nova-plastova-okna-pro-dum-ci-byt-na-ceskolipsku\/","datePublished":"2025-08-07","dateModified":"2025-08-07","mainEntityOfPage":"https:\/\/www.hucot.cz\/nova-plastova-okna-pro-dum-ci-byt-na-ceskolipsku\/","author":{"@type":"Person","@id":"https:\/\/www.hucot.cz\/author\/devene\/#Person","name":"devene","url":"https:\/\/www.hucot.cz\/author\/devene\/","identifier":1,"image":{"@type":"ImageObject","@id":"https:\/\/secure.gravatar.com\/avatar\/383247cd769f7ac317a5bcda943ec48a3c79d996598ae4564ec21a0e178126d1?s=96&d=mm&r=g","url":"https:\/\/secure.gravatar.com\/avatar\/383247cd769f7ac317a5bcda943ec48a3c79d996598ae4564ec21a0e178126d1?s=96&d=mm&r=g","height":96,"width":96}},"publisher":{"@type":"Organization","name":"hucot.cz","logo":{"@type":"ImageObject","@id":"\/logo.png","url":"\/logo.png","width":600,"height":60}},"image":{"@type":"ImageObject","@id":"https:\/\/www.hucot.cz\/wp-content\/uploads\/macha-3783850_640_2.jpg","url":"https:\/\/www.hucot.cz\/wp-content\/uploads\/macha-3783850_640_2.jpg","height":0,"width":0},"wordCount":491,"keywords":null},{"@type":"Article","@id":"https:\/\/www.hucot.cz\/vedci-pro-lepsi-budoucnost\/","headline":"V\u011bdci pro lep\u0161\u00ed budoucnost","url":"https:\/\/www.hucot.cz\/vedci-pro-lepsi-budoucnost\/","datePublished":"2025-08-04","dateModified":"2025-08-04","mainEntityOfPage":"https:\/\/www.hucot.cz\/vedci-pro-lepsi-budoucnost\/","author":{"@type":"Person","@id":"https:\/\/www.hucot.cz\/author\/devene\/#Person","name":"devene","url":"https:\/\/www.hucot.cz\/author\/devene\/","identifier":1,"image":{"@type":"ImageObject","@id":"https:\/\/secure.gravatar.com\/avatar\/383247cd769f7ac317a5bcda943ec48a3c79d996598ae4564ec21a0e178126d1?s=96&d=mm&r=g","url":"https:\/\/secure.gravatar.com\/avatar\/383247cd769f7ac317a5bcda943ec48a3c79d996598ae4564ec21a0e178126d1?s=96&d=mm&r=g","height":96,"width":96}},"publisher":{"@type":"Organization","name":"hucot.cz","logo":{"@type":"ImageObject","@id":"\/logo.png","url":"\/logo.png","width":600,"height":60}},"image":null,"wordCount":306,"keywords":null},{"@type":"Article","@id":"https:\/\/www.hucot.cz\/sjednotte-svou-skupinu\/","headline":"Sjedno\u0165te svou skupinu","url":"https:\/\/www.hucot.cz\/sjednotte-svou-skupinu\/","datePublished":"2025-07-28","dateModified":"2025-07-28","mainEntityOfPage":"https:\/\/www.hucot.cz\/sjednotte-svou-skupinu\/","author":{"@type":"Person","@id":"https:\/\/www.hucot.cz\/author\/devene\/#Person","name":"devene","url":"https:\/\/www.hucot.cz\/author\/devene\/","identifier":1,"image":{"@type":"ImageObject","@id":"https:\/\/secure.gravatar.com\/avatar\/383247cd769f7ac317a5bcda943ec48a3c79d996598ae4564ec21a0e178126d1?s=96&d=mm&r=g","url":"https:\/\/secure.gravatar.com\/avatar\/383247cd769f7ac317a5bcda943ec48a3c79d996598ae4564ec21a0e178126d1?s=96&d=mm&r=g","height":96,"width":96}},"publisher":{"@type":"Organization","name":"hucot.cz","logo":{"@type":"ImageObject","@id":"\/logo.png","url":"\/logo.png","width":600,"height":60}},"image":null,"wordCount":210,"keywords":null},{"@type":"Article","@id":"https:\/\/www.hucot.cz\/prohlednete-si-krasy-tohoto-kraje\/","headline":"Prohl\u00e9dn\u011bte si kr\u00e1sy tohoto kraje","url":"https:\/\/www.hucot.cz\/prohlednete-si-krasy-tohoto-kraje\/","datePublished":"2025-07-21","dateModified":"2025-07-21","mainEntityOfPage":"https:\/\/www.hucot.cz\/prohlednete-si-krasy-tohoto-kraje\/","author":{"@type":"Person","@id":"https:\/\/www.hucot.cz\/author\/devene\/#Person","name":"devene","url":"https:\/\/www.hucot.cz\/author\/devene\/","identifier":1,"image":{"@type":"ImageObject","@id":"https:\/\/secure.gravatar.com\/avatar\/383247cd769f7ac317a5bcda943ec48a3c79d996598ae4564ec21a0e178126d1?s=96&d=mm&r=g","url":"https:\/\/secure.gravatar.com\/avatar\/383247cd769f7ac317a5bcda943ec48a3c79d996598ae4564ec21a0e178126d1?s=96&d=mm&r=g","height":96,"width":96}},"publisher":{"@type":"Organization","name":"hucot.cz","logo":{"@type":"ImageObject","@id":"\/logo.png","url":"\/logo.png","width":600,"height":60}},"image":null,"wordCount":208,"keywords":null}]},{"@context":"https:\/\/schema.org","@type":"WebSite","@id":"https:\/\/www.hucot.cz\/#website","name":"Hucot","url":"https:\/\/www.hucot.cz","potentialAction":{"@type":"SearchAction","target":"https:\/\/www.hucot.cz\/?s={search_term_string}","query-input":"required name=search_term_string"}}]