[{"@context":"https:\/\/schema.org\/","@type":"Article","@id":"https:\/\/www.hucot.cz\/elektricka-kulma\/#Article","mainEntityOfPage":"https:\/\/www.hucot.cz\/elektricka-kulma\/","headline":"Elektrick\u00e1 kulma","name":"Elektrick\u00e1 kulma","description":"Pokud n\u011bco mnoho \u017een rozhodn\u011b ocen\u00ed a to proto, \u017ee jim v\u00fdsledek p\u0159ipad\u00e1 dokonal\u00fd, jsou to elektrick\u00e9 kulmy. Takov\u00e9 elektrick\u00e9 kulmy maj\u00ed tu v\u00fdhodu, \u017ee je dnes \u010dlov\u011bk se\u017eene kolikr\u00e1t \u00fapln\u011b v\u0161ude, tak\u017ee pokud by se v\u00e1m stalo, \u017ee by se v\u00e1m va\u0161e kulma pokazila a nem\u011blo by smysl n\u011bco takov\u00e9ho nech\u00e1vat opravit, m\u016f\u017eete si [&hellip;]","datePublished":"2023-01-07","dateModified":"2023-06-07","author":{"@type":"Person","@id":"https:\/\/www.hucot.cz\/author\/devene\/#Person","name":"devene","url":"https:\/\/www.hucot.cz\/author\/devene\/","identifier":1,"image":{"@type":"ImageObject","@id":"https:\/\/secure.gravatar.com\/avatar\/383247cd769f7ac317a5bcda943ec48a3c79d996598ae4564ec21a0e178126d1?s=96&d=mm&r=g","url":"https:\/\/secure.gravatar.com\/avatar\/383247cd769f7ac317a5bcda943ec48a3c79d996598ae4564ec21a0e178126d1?s=96&d=mm&r=g","height":96,"width":96}},"publisher":{"@type":"Organization","name":"hucot.cz","logo":{"@type":"ImageObject","@id":"\/logo.png","url":"\/logo.png","width":600,"height":60}},"image":{"@type":"ImageObject","@id":"https:\/\/www.hucot.cz\/wp-content\/uploads\/vla_1.JPG","url":"https:\/\/www.hucot.cz\/wp-content\/uploads\/vla_1.JPG","height":0,"width":0},"url":"https:\/\/www.hucot.cz\/elektricka-kulma\/","about":["Elektro"],"wordCount":416,"articleBody":"Pokud n\u011bco mnoho \u017een rozhodn\u011b ocen\u00ed a to proto, \u017ee jim v\u00fdsledek p\u0159ipad\u00e1 dokonal\u00fd, jsou to elektrick\u00e9 kulmy. Takov\u00e9 elektrick\u00e9 kulmy maj\u00ed tu v\u00fdhodu, \u017ee je dnes \u010dlov\u011bk se\u017eene kolikr\u00e1t \u00fapln\u011b v\u0161ude, tak\u017ee pokud by se v\u00e1m stalo, \u017ee by se v\u00e1m va\u0161e kulma pokazila a nem\u011blo by smysl n\u011bco takov\u00e9ho nech\u00e1vat opravit, m\u016f\u017eete si zakoupit novou. Dnes nav\u00edc existuj\u00ed r\u016fzn\u00e9 druhy kulm, tak\u017ee si ka\u017ed\u00e1 \u017eena najde takovou, kter\u00e1 by j\u00ed mohla vyhovovat. Uvid\u00edte, \u017ee i vy najdete takovou, se kterou pro v\u00e1s nebude manipulace probl\u00e9m. Najdou se \u017eeny, kter\u00e9 si vysta\u010d\u00ed s kulmami, kter\u00e9 byly popul\u00e1rn\u00ed d\u0159\u00edve, ale pokud v\u00e1s nebav\u00ed s n\u011b\u010d\u00edm takov\u00fdm pracovat, proto\u017ee to velmi dlouho trv\u00e1, m\u016f\u017eete si zakoupit daleko modern\u011bj\u0161\u00ed kulmu, se kterou to nebude tak pracn\u00e9 a budete m\u00edt v\u0161e hotov\u00e9 za velmi kr\u00e1tk\u00fd \u010das.Je mnoho \u017een, kter\u00e9 str\u00e1v\u00ed kulmov\u00e1n\u00edm vlas\u016f i n\u011bkolik hodin a ve v\u00fdsledku to dopadne tak, \u017ee jim \u00fa\u010des nevydr\u017e\u00ed ani tak dlouho, jak doufaly. Pokud byste r\u00e1da zkr\u00e1tila \u010das, a nav\u00edc byste si p\u0159\u00e1la, aby v\u00e1m n\u011bco takov\u00e9ho dlouho vydr\u017eelo, pak ud\u011bl\u00e1te nejl\u00e9pe, pokud si zakoup\u00edte n\u011bjakou modern\u011bj\u0161\u00ed kulmu, se kterou to nebude tak n\u00e1ro\u010dn\u00e9. Uvid\u00edte, \u017ee se jist\u011b najde n\u011bco, s \u010d\u00edm se v\u00e1m bude dob\u0159e pracovat a ve v\u00fdsledku bude v\u0161e vypadat perfektn\u011b. Mnoho \u017een si na svou viz\u00e1\u017e potrp\u00ed a pokud n\u011bco nevypad\u00e1 podle jejich p\u0159edstav, jsou schopny z\u016fstat doma a nikam ten den nej\u00edt. I vy si dnes m\u016f\u017eete po\u0159\u00eddit takovou kulmu, kter\u00e1 v\u00e1m vytvo\u0159\u00ed velmi p\u011bkn\u00e9 vlasy. Uvid\u00edte, \u017ee to za to rozhodn\u011b bude st\u00e1t. Je jasn\u00e9, \u017ee dne\u0161n\u00ed kulmy budou cenov\u011b n\u011bkde jinde, ale v\u00fdsledek za to bude rozhodn\u011b st\u00e1t. Na konec budete sami nad\u0161eni z toho, \u017ee jste se pro n\u011bco takov\u00e9ho rozhodli. M\u011bjte i vy n\u00e1dhern\u00e9 vlasy, a to nap\u0159\u00edklad na ples, kter\u00fd v\u00e1s \u010dek\u00e1. Mnoho \u017een se v\u017edy sna\u017e\u00ed vypadat co mo\u017en\u00e1 nejl\u00e9pe a pokud chcete m\u00edt dokonal\u00e9 vlasy, bylo by vhodn\u00e9 zakoupit si novou kulmu, se kterou nebude tak n\u00e1ro\u010dn\u00e9 \u00fa\u010des vytvo\u0159it.                                                                                                                                                                                                                                                                                                                                                                                                "},{"@context":"https:\/\/schema.org\/","@type":"BreadcrumbList","itemListElement":[{"@type":"ListItem","position":1,"name":"Elektrick\u00e1 kulma","item":"https:\/\/www.hucot.cz\/elektricka-kulma\/#breadcrumbitem"}]}]