[{"@context":"https:\/\/schema.org\/","@type":"Article","@id":"https:\/\/www.hucot.cz\/kolagen-na-krasu\/#Article","mainEntityOfPage":"https:\/\/www.hucot.cz\/kolagen-na-krasu\/","headline":"Kolagen na kr\u00e1su","name":"Kolagen na kr\u00e1su","description":"V\u017edycky jsem cht\u011bla pracovat jako kosmeti\u010dka. Abych pravdu \u0159ekla, tak jin\u00e9 zam\u011bstn\u00e1n\u00ed jsem snad ani vykon\u00e1vat necht\u011bla. Kosmeti\u010dka bylo moje opravdu vysn\u011bn\u00e9 zam\u011bstn\u00e1n\u00ed, tak\u017ee po z\u00e1kladn\u00ed \u0161kole, kdy\u017e jsem se rozhodovala, na jakou \u0161kolu p\u016fjdu, tak jsem \u0161la na u\u010debn\u00ed obor kosmeti\u010dka. Byla jsem r\u00e1da, \u017ee i moji rodinu to pot\u011b\u0161ilo, proto\u017ee moje maminka se [&hellip;]","datePublished":"2023-05-29","dateModified":"2023-06-29","author":{"@type":"Person","@id":"https:\/\/www.hucot.cz\/author\/devene\/#Person","name":"devene","url":"https:\/\/www.hucot.cz\/author\/devene\/","identifier":1,"image":{"@type":"ImageObject","@id":"https:\/\/secure.gravatar.com\/avatar\/383247cd769f7ac317a5bcda943ec48a3c79d996598ae4564ec21a0e178126d1?s=96&d=mm&r=g","url":"https:\/\/secure.gravatar.com\/avatar\/383247cd769f7ac317a5bcda943ec48a3c79d996598ae4564ec21a0e178126d1?s=96&d=mm&r=g","height":96,"width":96}},"publisher":{"@type":"Organization","name":"hucot.cz","logo":{"@type":"ImageObject","@id":"\/logo.png","url":"\/logo.png","width":600,"height":60}},"image":{"@type":"ImageObject","@id":"https:\/\/www.hucot.cz\/wp-content\/uploads\/medical-2816833_1280.jpg","url":"https:\/\/www.hucot.cz\/wp-content\/uploads\/medical-2816833_1280.jpg","height":0,"width":0},"url":"https:\/\/www.hucot.cz\/kolagen-na-krasu\/","about":["V\u00fdrobky"],"wordCount":391,"articleBody":"   V\u017edycky jsem cht\u011bla pracovat jako kosmeti\u010dka. Abych pravdu \u0159ekla, tak jin\u00e9 zam\u011bstn\u00e1n\u00ed jsem snad ani vykon\u00e1vat necht\u011bla. Kosmeti\u010dka bylo moje opravdu vysn\u011bn\u00e9 zam\u011bstn\u00e1n\u00ed, tak\u017ee po z\u00e1kladn\u00ed \u0161kole, kdy\u017e jsem se rozhodovala, na jakou \u0161kolu p\u016fjdu, tak jsem \u0161la na u\u010debn\u00ed obor kosmeti\u010dka. Byla jsem r\u00e1da, \u017ee i moji rodinu to pot\u011b\u0161ilo, proto\u017ee moje maminka se opravdu hodn\u011b zaj\u00edm\u00e1 o kr\u00e1su, proto\u017ee kdysi moje maminka pracovala v divadle. A jak v\u0161ichni v\u00edme, tak herci v\u011bt\u0161inou mus\u00ed tak\u00e9 dob\u0159e vypadat, aby dost\u00e1vali skv\u011bl\u00e9 role. Moje maminka byla popul\u00e1rn\u00ed here\u010dka v divadle, a proto p\u00e9\u010de o ple\u0165 ji tak\u00e9 moc bavila, skoro to byla jej\u00ed velik\u00e1 z\u00e1bava. Moje maminka mi v\u017edycky dokola opakovala, \u017ee pokud se \u017eena v mlad\u00e9m v\u011bku o sebe star\u00e1, tak si to t\u011blo pamatuje. A myslela to tak, \u017ee kdy\u017e se nebudeme starat o na\u0161e t\u011blo a budeme t\u0159eba nadm\u00edru pou\u017e\u00edvat alkohol, tak na\u0161e t\u011blo si to zapamatuje a potom ve st\u00e1\u0159\u00ed budeme vypadat je\u0161t\u011b star\u0161\u00ed v\u00edce, ne\u017e kolik n\u00e1m doopravdy je. Proto moje maminka u\u017e\u00edv\u00e1 nativn\u00ed kolagen. A o nativn\u00edm kolagenu jsem opravdu nikdy nesly\u0161ela. Proto jsem se pod\u00edvala na webov\u00e9 str\u00e1nky orcacollagen.cz, kter\u00e9 mi doporu\u010dila moje maminka, \u017ee pr\u00fd tam najdu opravdu hodn\u011b informac\u00ed o tom, co je to nativn\u00ed kolagen a na co je nativn\u00ed kolagen opravdu vhodn\u00fd. Dozv\u011bd\u011bla jsem se, \u017ee nativn\u00ed kolagen je perfektn\u00ed na to, aby na\u0161e k\u016f\u017ee a celkov\u011b ple\u0165 a vlasy a tak\u00e9 nehty byly v lep\u0161\u00ed kondici, ne\u017e jsou norm\u00e1ln\u011b. Tak\u017ee to bych nebyla j\u00e1, abych neza\u010dala u\u017e\u00edvat tak\u00e9 kvalitn\u00ed nativn\u00ed kolagen. Jsem r\u00e1da, \u017ee tohle v\u016fbec existuje, proto\u017ee j\u00e1 tak\u00e9 velmi pe\u010duji o svou kr\u00e1su a jsem r\u00e1da, kdy\u017e svou kr\u00e1sou tak\u00e9 mohu n\u011b\u010d\u00edm lep\u0161\u00edm podpo\u0159it jak, jako je pr\u00e1v\u011b nativn\u00ed kolagen. Podle m\u00e9ho n\u00e1zoru v\u00e1m tak\u00e9 nativn\u00ed kolagen jist\u011b dok\u00e1\u017ee podpo\u0159it va\u0161i kr\u00e1su, p\u0159esn\u011b tak, jak si sami p\u0159ejet. Nen\u00ed na tom opravdu nic slo\u017eit\u00e9ho.                                                                                                                                                                                                                                                                                                                                                                                                   "},{"@context":"https:\/\/schema.org\/","@type":"BreadcrumbList","itemListElement":[{"@type":"ListItem","position":1,"name":"Kolagen na kr\u00e1su","item":"https:\/\/www.hucot.cz\/kolagen-na-krasu\/#breadcrumbitem"}]}]