[{"@context":"https:\/\/schema.org\/","@type":"Article","@id":"https:\/\/www.hucot.cz\/na-co-si-s-autem-dat-pozor-v-zime\/#Article","mainEntityOfPage":"https:\/\/www.hucot.cz\/na-co-si-s-autem-dat-pozor-v-zime\/","headline":"Na co si s autem d\u00e1t pozor v zim\u011b","name":"Na co si s autem d\u00e1t pozor v zim\u011b","description":"O tom, \u017ee to \u0159idi\u010di nemaj\u00ed v\u00a0zim\u011b jednoduch\u00e9, nen\u00ed sporu. U\u017e jen zhor\u0161en\u00e9 sv\u011bteln\u00e9 podm\u00ednky a n\u00e1mraza na silnici sta\u010d\u00ed k\u00a0tomu, abychom se za volantem nec\u00edtili zrovna nejl\u00e9pe. A to si je\u0161t\u011b ani neuv\u011bdomujeme, \u017ee i n\u00e1\u0161 v\u016fz pot\u0159ebuje v\u00a0t\u00e9to dob\u011b zvl\u00e1\u0161tn\u00ed p\u00e9\u010di. Proto nen\u00ed na \u0161kodu se pod\u00edvat, co bychom mohli v\u00a0zim\u011b ud\u011blat. V\u00a0prvn\u00ed [&hellip;]","datePublished":"2024-09-23","dateModified":"2024-09-23","author":{"@type":"Person","@id":"https:\/\/www.hucot.cz\/author\/devene\/#Person","name":"devene","url":"https:\/\/www.hucot.cz\/author\/devene\/","identifier":1,"image":{"@type":"ImageObject","@id":"https:\/\/secure.gravatar.com\/avatar\/383247cd769f7ac317a5bcda943ec48a3c79d996598ae4564ec21a0e178126d1?s=96&d=mm&r=g","url":"https:\/\/secure.gravatar.com\/avatar\/383247cd769f7ac317a5bcda943ec48a3c79d996598ae4564ec21a0e178126d1?s=96&d=mm&r=g","height":96,"width":96}},"publisher":{"@type":"Organization","name":"hucot.cz","logo":{"@type":"ImageObject","@id":"\/logo.png","url":"\/logo.png","width":600,"height":60}},"image":{"@type":"ImageObject","@id":"https:\/\/www.hucot.cz\/wp-content\/uploads\/auto2_10_10_10_10_10_10_10_2.jpg","url":"https:\/\/www.hucot.cz\/wp-content\/uploads\/auto2_10_10_10_10_10_10_10_2.jpg","height":0,"width":0},"url":"https:\/\/www.hucot.cz\/na-co-si-s-autem-dat-pozor-v-zime\/","about":["Auto moto"],"wordCount":464,"articleBody":"O tom, \u017ee to \u0159idi\u010di nemaj\u00ed v\u00a0zim\u011b jednoduch\u00e9, nen\u00ed sporu. U\u017e jen zhor\u0161en\u00e9 sv\u011bteln\u00e9 podm\u00ednky a n\u00e1mraza na silnici sta\u010d\u00ed k\u00a0tomu, abychom se za volantem nec\u00edtili zrovna nejl\u00e9pe. A to si je\u0161t\u011b ani neuv\u011bdomujeme, \u017ee i n\u00e1\u0161 v\u016fz pot\u0159ebuje v\u00a0t\u00e9to dob\u011b zvl\u00e1\u0161tn\u00ed p\u00e9\u010di. Proto nen\u00ed na \u0161kodu se pod\u00edvat, co bychom mohli v\u00a0zim\u011b ud\u011blat. V\u00a0prvn\u00ed \u0159ad\u011b zde m\u00e1me fakt, \u017ee auto v\u00a0noci zamrz\u00e1, a na oknech, n\u011bkdy i na sv\u011btlech, se vytv\u00e1\u0159\u00ed ledov\u00e1 vrstva, kterou je pot\u0159eba se\u0161kr\u00e1bat. Je to nep\u0159\u00edjemn\u00fd \u00fakol, nehled\u011b na fakt, \u017ee se n\u00e1m jen z\u0159\u00eddkakdy povede sklo dokonale vy\u010distit. To v\u0161ak pro n\u00e1s znamen\u00e1 zhor\u0161enou viditelnost, co\u017e ve spojen\u00ed s\u00a0t\u00edm, \u017ee do pr\u00e1ce i z\u00a0pr\u00e1ce v\u00a0tuto dobu v\u011bt\u0161inou jezd\u00edme za tmy, nen\u00ed zrovna ide\u00e1ln\u00ed.I proto bychom si m\u011bli r\u00e1no vy\u0161et\u0159it v\u00edce \u010dasu na to, abychom sklo vy\u010distili, jak nejl\u00e9pe to jde. D\u00e1le je tu fakt, \u017ee n\u011bkter\u00e9, zvl\u00e1\u0161t\u011b star\u0161\u00ed modely, maj\u00ed probl\u00e9m v\u00a0zim\u011b nastartovat, a je pot\u0159eba je nechat chv\u00edli rozeh\u0159\u00e1t. To samoz\u0159ejm\u011b tak\u00e9 znamen\u00e1 ztr\u00e1tu \u010dasu, kterou v\u011bt\u0161ina z\u00a0n\u00e1s r\u00e1no p\u0159\u00edli\u0161 nepot\u0159ebuje. Nic jin\u00e9ho n\u00e1m v\u0161ak nezb\u00fdv\u00e1, pokud chceme v\u016fbec n\u011bkam jet. Zd\u00e1 se tedy, \u017ee nejen\u017ee v\u00a0zim\u011b vst\u00e1v\u00e1me za tmy, ale z\u00e1rove\u0148 bychom m\u011bli vst\u00e1vat d\u0159\u00edv, nebo\u0165 je pot\u0159eba ud\u011blat toho kolem auta mnohem v\u00edce. Je\u0161t\u011b jsme toti\u017e neskon\u010dili. Lid\u00e9 toti\u017e nejsou jedin\u00fdm \u017eivo\u010di\u0161n\u00fdm druhem, kter\u00e9mu je v\u00a0zim\u011b chladno a hled\u00e1 \u00fato\u010di\u0161t\u011b.A jedn\u00edm z\u00a0nich m\u016f\u017ee b\u00fdt i motor auta, p\u0159\u00edpadn\u011b prostor mezi koly. Zdaleka nej\u010dast\u011bji se toto t\u00fdk\u00e1 ko\u010dek a kun, narazit v\u0161ak m\u016f\u017eeme i na jin\u00e1 men\u0161\u00ed zv\u00ed\u0159ata. Ne\u017e tedy auto nastartujeme, je dobr\u00e9 se pod\u00edvat, jestli n\u00e1m do motoru p\u0159es noc n\u011bkdo nevlezl. To je d\u016fle\u017eit\u00e9 i z\u00a0dal\u0161\u00edho d\u016fvodu: zv\u00ed\u0159ata mohou motor, nap\u0159\u00edklad kabely, snadno po\u0161kodit, co\u017e bychom m\u011bli zkontrolovat je\u0161t\u011b p\u0159edt\u00edm, ne\u017e v\u016fbec nastartujeme. Jist\u011b, existuje zde \u0159e\u0161en\u00ed. Pokud d\u00e1me auto na noc do gar\u00e1\u017ee, nic z\u00a0v\u00fd\u0161e uveden\u00e9ho n\u00e1m nehroz\u00ed. Zdaleka ne ka\u017ed\u00fd ji v\u0161ak m\u00e1, a proto je rozhodn\u011b dobr\u00e9 o t\u011bchto v\u011bcech v\u011bd\u011bt. Nikdy nev\u00edte, kdy se v\u00e1m budou hodit.                                                                                                                                                                                                                                                                                                                                                                                                "},{"@context":"https:\/\/schema.org\/","@type":"BreadcrumbList","itemListElement":[{"@type":"ListItem","position":1,"name":"Na co si s autem d\u00e1t pozor v zim\u011b","item":"https:\/\/www.hucot.cz\/na-co-si-s-autem-dat-pozor-v-zime\/#breadcrumbitem"}]}]