[{"@context":"https:\/\/schema.org\/","@type":"Article","@id":"https:\/\/www.hucot.cz\/pro-vas-klidny-a-nicim-neruseny-zivot\/#Article","mainEntityOfPage":"https:\/\/www.hucot.cz\/pro-vas-klidny-a-nicim-neruseny-zivot\/","headline":"Pro V\u00e1\u0161 klidn\u00fd a ni\u010d\u00edm neru\u0161en\u00fd \u017eivot","name":"Pro V\u00e1\u0161 klidn\u00fd a ni\u010d\u00edm neru\u0161en\u00fd \u017eivot","description":"Pracujete na sm\u011bny? Po no\u010dn\u00ed sm\u011bn\u011b je nutn\u00e9 si po\u0159\u00e1dn\u011b odpo\u010dinout, abyste byli p\u0159ipraveni na tu dal\u0161\u00ed a nebyli unaven\u00ed. N\u011bkdy je to ov\u0161em t\u011b\u017ek\u00e9. Pokud m\u00e1te mal\u00e9 d\u011bti, kter\u00e9 si neuv\u011bdomuj\u00ed\u00ed, \u017ee tat\u00ednek sp\u00ed a maj\u00ed b\u00fdt potichu. My V\u00e1m nab\u00edz\u00edme interi\u00e9rov\u00e9 dve\u0159e s protihlukovou \u00fapravou. Ty jsou vhodn\u00e9 zejm\u00e9na do Va\u0161\u00ed lo\u017enice. Budete [&hellip;]","datePublished":"2025-03-06","dateModified":"2025-03-06","author":{"@type":"Person","@id":"https:\/\/www.hucot.cz\/author\/devene\/#Person","name":"devene","url":"https:\/\/www.hucot.cz\/author\/devene\/","identifier":1,"image":{"@type":"ImageObject","@id":"https:\/\/secure.gravatar.com\/avatar\/383247cd769f7ac317a5bcda943ec48a3c79d996598ae4564ec21a0e178126d1?s=96&d=mm&r=g","url":"https:\/\/secure.gravatar.com\/avatar\/383247cd769f7ac317a5bcda943ec48a3c79d996598ae4564ec21a0e178126d1?s=96&d=mm&r=g","height":96,"width":96}},"publisher":{"@type":"Organization","name":"hucot.cz","logo":{"@type":"ImageObject","@id":"\/logo.png","url":"\/logo.png","width":600,"height":60}},"url":"https:\/\/www.hucot.cz\/pro-vas-klidny-a-nicim-neruseny-zivot\/","wordCount":169,"articleBody":"Pracujete na sm\u011bny? Po no\u010dn\u00ed sm\u011bn\u011b je nutn\u00e9 si po\u0159\u00e1dn\u011b odpo\u010dinout, abyste byli p\u0159ipraveni na tu dal\u0161\u00ed a nebyli unaven\u00ed. N\u011bkdy je to ov\u0161em t\u011b\u017ek\u00e9. Pokud m\u00e1te mal\u00e9 d\u011bti, kter\u00e9 si neuv\u011bdomuj\u00ed\u00ed, \u017ee tat\u00ednek sp\u00ed a maj\u00ed b\u00fdt potichu. My V\u00e1m nab\u00edz\u00edme interi\u00e9rov\u00e9 dve\u0159e s protihlukovou \u00fapravou. Ty jsou vhodn\u00e9 zejm\u00e9na do Va\u0161\u00ed lo\u017enice. Budete odpo\u010d\u00edvat v klidu a ni\u010d\u00edm neru\u0161en\u00ed.Mil\u00ed podnikatel\u00e9, m\u00e1me pro V\u00e1s skv\u011blou nab\u00eddkuInteri\u00e9rov\u00e9 dve\u0159e dod\u00e1v\u00e1me i ve velk\u00e9m. Na\u0161e nab\u00eddka je vhodn\u00e1 nejen pro byty a domy, ale tak\u00e9 pro r\u016fzn\u00e9 st\u00e1tn\u00ed a komer\u010dn\u00ed podniky, hotely, motely i penziony. Slad\u00edme V\u00e1\u0161 prostor. Dod\u00e1me V\u00e1m r\u016fzn\u00e9 typy, kter\u00e9 se V\u00e1m zal\u00edb\u00ed, a z\u00e1rove\u0148 V\u00e1m porad\u00edme, kter\u00e9 z nich jsou nebo nejsou vhodn\u00e9 do vybran\u00fdch m\u00edstnost\u00ed.                                                                                                                                                                                                                                                                                                                                                                                                "},{"@context":"https:\/\/schema.org\/","@type":"BreadcrumbList","itemListElement":[{"@type":"ListItem","position":1,"name":"Pro V\u00e1\u0161 klidn\u00fd a ni\u010d\u00edm neru\u0161en\u00fd \u017eivot","item":"https:\/\/www.hucot.cz\/pro-vas-klidny-a-nicim-neruseny-zivot\/#breadcrumbitem"}]}]