[{"@context":"https:\/\/schema.org\/","@type":"Article","@id":"https:\/\/www.hucot.cz\/umele-kvetiny-jako-dekorativni-predmet\/#Article","mainEntityOfPage":"https:\/\/www.hucot.cz\/umele-kvetiny-jako-dekorativni-predmet\/","headline":"Um\u011bl\u00e9 kv\u011btiny jako dekorativn\u00ed p\u0159edm\u011bt","name":"Um\u011bl\u00e9 kv\u011btiny jako dekorativn\u00ed p\u0159edm\u011bt","description":"Kdysi d\u00e1vno, v obdob\u00ed re\u00e1ln\u00e9ho socialismu, se na trhu objevily prvn\u00ed um\u011bl\u00e9 kv\u011btiny https:\/\/www.lepaso.cz\/Umele-kvetiny-c16_165_2.htm. Na tehdej\u0161\u00ed dobu \u0161lo o novinku a mnoz\u00ed lid\u00e9 vn\u00edmali plastick\u00e9 hmoty jako vrchol technick\u00e9 revoluce. Jen si vybavte film \u201ePel\u00ed\u0161ky\u201c, kde se toto t\u00e9ma s jist\u00fdm sarkastick\u00fdm humorem zmi\u0148uje. Pochopiteln\u011b nebylo mo\u017en\u00e9 o\u010dek\u00e1vat od um\u011bl\u00fdch kv\u011btin \u017e\u00e1dn\u00e9 z\u00e1zraky, asi jako [&hellip;]","datePublished":"2023-02-19","dateModified":"2023-04-25","author":{"@type":"Person","@id":"https:\/\/www.hucot.cz\/author\/devene\/#Person","name":"devene","url":"https:\/\/www.hucot.cz\/author\/devene\/","identifier":1,"image":{"@type":"ImageObject","@id":"https:\/\/secure.gravatar.com\/avatar\/383247cd769f7ac317a5bcda943ec48a3c79d996598ae4564ec21a0e178126d1?s=96&d=mm&r=g","url":"https:\/\/secure.gravatar.com\/avatar\/383247cd769f7ac317a5bcda943ec48a3c79d996598ae4564ec21a0e178126d1?s=96&d=mm&r=g","height":96,"width":96}},"publisher":{"@type":"Organization","name":"hucot.cz","logo":{"@type":"ImageObject","@id":"\/logo.png","url":"\/logo.png","width":600,"height":60}},"image":{"@type":"ImageObject","@id":"https:\/\/www.hucot.cz\/wp-content\/uploads\/happy-mothers-day-g4949fa5f1_640.jpg","url":"https:\/\/www.hucot.cz\/wp-content\/uploads\/happy-mothers-day-g4949fa5f1_640.jpg","height":0,"width":0},"url":"https:\/\/www.hucot.cz\/umele-kvetiny-jako-dekorativni-predmet\/","about":["V\u00fdrobky"],"wordCount":428,"articleBody":"        Kdysi d\u00e1vno, v obdob\u00ed re\u00e1ln\u00e9ho socialismu, se na trhu objevily prvn\u00ed um\u011bl\u00e9 kv\u011btiny https:\/\/www.lepaso.cz\/Umele-kvetiny-c16_165_2.htm. Na tehdej\u0161\u00ed dobu \u0161lo o novinku a mnoz\u00ed lid\u00e9 vn\u00edmali plastick\u00e9 hmoty jako vrchol technick\u00e9 revoluce. Jen si vybavte film \u201ePel\u00ed\u0161ky\u201c, kde se toto t\u00e9ma s jist\u00fdm sarkastick\u00fdm humorem zmi\u0148uje. Pochopiteln\u011b nebylo mo\u017en\u00e9 o\u010dek\u00e1vat od um\u011bl\u00fdch kv\u011btin \u017e\u00e1dn\u00e9 z\u00e1zraky, asi jako u va\u0161ich ratolest\u00ed, kter\u00e9 se teprve u\u010d\u00ed chodit, a tak se s nimi zpo\u010d\u00e1tku po\u010d\u00edtalo sp\u00ed\u0161e pro v\u00fdzdobu pietn\u00edch m\u00edst anebo n\u011bkde v zahrad\u00e1ch, p\u0159i venkovn\u00edm posezen\u00ed, kde nejsou tolik na o\u010d\u00edch.Od t\u00e9 doby v\u0161ak uplynulo v\u00edce ne\u017e p\u016fl stolet\u00ed a mezit\u00edm se v\u00fdvoj a v\u00fdroba um\u011bl\u00fdch rostlin zdokonalila. N\u011bkdy a\u017e do takov\u00e9 m\u00edry, \u017ee byste nerozeznali rozd\u00edl mezi \u017eivou kv\u011btinou i z bl\u00edzk\u00e9 vzd\u00e1lenosti.Kam se um\u011bl\u00e9 kv\u011btiny dnes hod\u00edTemn\u00e1 z\u00e1kout\u00ed \u2013 mo\u017en\u00e1, \u017ee i u v\u00e1s doma by se na\u0161el alespo\u0148 jeden temn\u00fd kout, kter\u00fd byste r\u00e1di vyzdobili \u017eivou rostlinou, ale je v\u00e1m jasn\u00e9, \u017ee pro nedostatek denn\u00edho sv\u011btla by tu nep\u0159e\u017eila. Um\u011bl\u00e9 kv\u011btiny \u017e\u00e1dn\u00e9 sv\u011btlo nepot\u0159ebuj\u00ed, je to jen kus plastu, i kdy\u017e jako kv\u011btina vypad\u00e1.Koupelny a z\u00e1chod \u2013 p\u0159ipad\u00e1 v\u00e1m nevodn\u00e9 um\u00edstit kv\u011btinu zrovna na z\u00e1chod? Tak si to n\u011bkdy vyzkou\u0161ejte a mo\u017en\u00e1, \u017ee v\u00e1s tak\u00e9 oslov\u00ed ta kr\u00e1sa rostlinn\u00e9ho sv\u011bta, kter\u00e1 jinak ponur\u00fd a stroh\u00fd kout v byt\u011b dok\u00e1\u017ee zaj\u00edmav\u011b pozvednout.Svatebn\u00ed hostina \u2013 po\u0159\u00e1d\u00e1te svatbu v rodin\u011b a chyst\u00e1te se k oslav\u011b ve venkovn\u00edm prost\u0159ed\u00ed, anebo v uzav\u0159en\u00e9m sal\u00f3nku? Pak by se v\u00e1m mohla v\u00fdzdoba z um\u011bl\u00fdch kv\u011btin hodit nejen na sv\u00e1te\u010dn\u011b prost\u0159en\u00fd st\u016fl, ale i do dal\u0161\u00edch m\u00edst, nap\u0159\u00edklad na komody, odkl\u00e1dac\u00ed stolky, serv\u00edrovac\u00ed plata, k v\u00fdzdob\u011b na st\u011bnu, k zav\u011b\u0161en\u00ed na sv\u00edtidla atp.Kv\u011btiny na balkon \u2013 n\u011bkte\u0159\u00ed lid\u00e9 preferuj\u00ed kv\u011btinovou v\u00fdzdobu i na balkonech a lod\u017ei\u00edch, ov\u0161em ne v\u0161ude se \u017eiv\u00fdm rostlin\u00e1m na t\u011bchto m\u00edstech da\u0159\u00ed. Um\u00edst\u00edte-li nap\u0159\u00edklad na balkon um\u011bl\u00fd buxus, mo\u017en\u00e1 budete p\u0159ekvapeni jeho neb\u00fdvalou kr\u00e1sou.                                                                                                                                                                                                                                                                                                                                                                                                  "},{"@context":"https:\/\/schema.org\/","@type":"BreadcrumbList","itemListElement":[{"@type":"ListItem","position":1,"name":"Um\u011bl\u00e9 kv\u011btiny jako dekorativn\u00ed p\u0159edm\u011bt","item":"https:\/\/www.hucot.cz\/umele-kvetiny-jako-dekorativni-predmet\/#breadcrumbitem"}]}]